{"id":683,"date":"2015-11-12T13:28:25","date_gmt":"2015-11-12T11:28:25","guid":{"rendered":"http:\/\/energipolitisk.no\/?p=683"},"modified":"2016-02-04T19:24:21","modified_gmt":"2016-02-04T17:24:21","slug":"en-ny-stromportal-er-bra-men-loser-den-nye-utfordringer","status":"publish","type":"post","link":"https:\/\/energipolitisk.no\/?p=683","title":{"rendered":"En ny str\u00f8mportal er bra, men l\u00f8ser den nye utfordringer?"},"content":{"rendered":"<p><strong>NVE og Forbrukerr\u00e5det har utviklet en ny prisportal for str\u00f8m. F\u00f8rsteinntrykket er bra. <\/strong> <strong>Tilbud sorteres etter kontraktstype. Fastbel\u00f8p kan inkluderes. Angitt forbruk beregner \u00e5rlig totalkostnad. Vil man ha med nettleien er det en knapp for den ogs\u00e5. <\/strong><\/p>\n<p><strong>Men hvor er kostnaden for tap i nettet? Effekttariff og tap kan i fremtiden bli viktige elementer i kundens totalkostnad, men det ligger utenfor leverand\u00f8renes pristilbud. <\/strong> <strong>Str\u00f8mleverand\u00f8rene skiller ikke mellom kundenes ulike forbruksprofil. Str\u00f8mutgiften for kunder med og uten elektrisk oppvarming kan variere betydelig. Men hvorfor tilbyr leverand\u00f8rene dem samme pris? <\/strong> <strong><a href=\"http:\/\/energipolitisk.no\/wp-content\/uploads\/2014\/08\/IMG_2697-e1408115137595.jpg\"><img loading=\"lazy\" decoding=\"async\" class=\"alignleft size-medium wp-image-423\" src=\"http:\/\/energipolitisk.no\/wp-content\/uploads\/2014\/08\/IMG_2697-e1408115137595-200x300.jpg\" alt=\"IMG_2697\" width=\"200\" height=\"300\" \/><\/a><\/strong><\/p>\n<p><strong>Str\u00f8mportalen skal effektivisere sluttbrukermarkedet med str\u00f8mleverand\u00f8ren i en sentral rolle. Men det er relevant \u00e5 stille et sp\u00f8rsm\u00e5l om AMS gj\u00f8r at vi m\u00e5 tenke helt nytt om portalen. Trenger vi dagens versjon av str\u00f8mleverand\u00f8ren? <\/strong> <strong>NVE har internt vurdert muligheten for \u00abspot-through\u00bb hvor alle sluttbrukere obligatorisk knyttes direkte opp til timesavregning i det fysiske spot-markedet. AMS og timesm\u00e5ling vil da bidra til et mer effektivt sluttbrukermarked, ikke str\u00f8mleverand\u00f8rene. Konkurransen i spot-markedet er effektiv nok. <\/strong> <strong>Med AMS p\u00e5 plass vil hver kundes forbruksm\u00f8nster v\u00e6re unikt. Nettselskapet kan identifisere kundens individuelle bidrag til tap i det lokale nettet og fakturere timebasert spot-pris. Hvilken mernytte gir det da om en leverand\u00f8r tilbyr en felles pris til alle kunder uavhengig av deres forbruksm\u00f8nster? <\/strong><\/p>\n<p><strong>Arbeidet med str\u00f8mportalen som hjelpemiddel for sluttbrukere b\u00f8r gis en helt ny vinkling med AMS. En fremtidig str\u00f8mportal b\u00f8r utvikles til \u00e5 bli sluttbrukerens eget redskap til \u00e5 styre egen str\u00f8mkostnad uavhengig av, eller i tillegg til, leverand\u00f8renes tilbud. <\/strong><\/p>\n<p><strong>En n\u00f8ytral str\u00f8mportal med tilgang til timesm\u00e5lt forbruk kan bist\u00e5 i kundenes \u00f8konomiske vurdering av tiltak som b\u00e5de reduserer str\u00f8mkostnad, tap og tariffer p\u00e5 nettleien. <\/strong><\/p>\n<p><strong>En str\u00f8mportal kan kanskje ogs\u00e5 bli et sted hvor forbrukerne kan melde inn til hvilken pris de er villig til \u00e5 la noen justere effekten p\u00e5 panelovnen og godta en halv grad endret innetemperatur en stund slik at produsentene f\u00e5r frigjort mer systemeffekt for salg til god pris over kablene til utlandet. Teknologien er her!<\/strong> <strong>Her ligger nye muligheter for str\u00f8mportalen. <\/strong><\/p>\n<p><strong>Med AMS er lokal netteier kundens naturlige, n\u00f8ytrale, fysiske kontaktpunkt mot spotmarkedet. Der m\u00f8ter de produsentene som fysiske str\u00f8mleverand\u00f8rer. <\/strong> <strong>Str\u00f8mportalen vil gi nytte et par \u00e5r framover, men da m\u00e5 den fornyes og tenkes nytt. <\/strong><\/p>\n","protected":false},"excerpt":{"rendered":"<p>NVE og Forbrukerr\u00e5det har utviklet en ny prisportal for str\u00f8m. F\u00f8rsteinntrykket er bra. Tilbud sorteres etter kontraktstype. Fastbel\u00f8p kan inkluderes. Angitt forbruk beregner \u00e5rlig totalkostnad. Vil man ha med nettleien er det en knapp for den ogs\u00e5. Men hvor er kostnaden for tap i nettet? Effekttariff og tap kan i fremtiden bli viktige elementer i kundens totalkostnad, men det ligger utenfor leverand\u00f8renes pristilbud. Str\u00f8mleverand\u00f8rene skiller ikke mellom kundenes ulike forbruksprofil. Str\u00f8mutgiften for kunder med og uten elektrisk oppvarming kan variere<\/p>\n","protected":false},"author":1,"featured_media":423,"comment_status":"closed","ping_status":"closed","sticky":false,"template":"","format":"standard","meta":{"footnotes":""},"categories":[220,7,40],"tags":[42,158,80,19,58,88,153,28,43,85,133,130,77],"class_list":["post-683","post","type-post","status-publish","format-standard","has-post-thumbnail","hentry","category-fremhevede-artikler","category-marked","category-stromkontrakt","tag-ams","tag-distribusjonsnett","tag-energilov","tag-infrastruktur","tag-kraftmarked","tag-nettkostnader","tag-nve","tag-oed","tag-stromfaktura","tag-stromforbruk","tag-stromleverandor","tag-strompris","tag-tap-i-stromnettet"],"_links":{"self":[{"href":"https:\/\/energipolitisk.no\/index.php?rest_route=\/wp\/v2\/posts\/683","targetHints":{"allow":["GET"]}}],"collection":[{"href":"https:\/\/energipolitisk.no\/index.php?rest_route=\/wp\/v2\/posts"}],"about":[{"href":"https:\/\/energipolitisk.no\/index.php?rest_route=\/wp\/v2\/types\/post"}],"author":[{"embeddable":true,"href":"https:\/\/energipolitisk.no\/index.php?rest_route=\/wp\/v2\/users\/1"}],"replies":[{"embeddable":true,"href":"https:\/\/energipolitisk.no\/index.php?rest_route=%2Fwp%2Fv2%2Fcomments&post=683"}],"version-history":[{"count":5,"href":"https:\/\/energipolitisk.no\/index.php?rest_route=\/wp\/v2\/posts\/683\/revisions"}],"predecessor-version":[{"id":703,"href":"https:\/\/energipolitisk.no\/index.php?rest_route=\/wp\/v2\/posts\/683\/revisions\/703"}],"wp:featuredmedia":[{"embeddable":true,"href":"https:\/\/energipolitisk.no\/index.php?rest_route=\/wp\/v2\/media\/423"}],"wp:attachment":[{"href":"https:\/\/energipolitisk.no\/index.php?rest_route=%2Fwp%2Fv2%2Fmedia&parent=683"}],"wp:term":[{"taxonomy":"category","embeddable":true,"href":"https:\/\/energipolitisk.no\/index.php?rest_route=%2Fwp%2Fv2%2Fcategories&post=683"},{"taxonomy":"post_tag","embeddable":true,"href":"https:\/\/energipolitisk.no\/index.php?rest_route=%2Fwp%2Fv2%2Ftags&post=683"}],"curies":[{"name":"wp","href":"https:\/\/api.w.org\/{rel}","templated":true}]}}